{"id":8636734,"date":"2025-07-22T09:23:15","date_gmt":"2025-07-22T09:23:15","guid":{"rendered":"https:\/\/www.oodrive.com\/?p=8636734"},"modified":"2025-07-22T11:23:00","modified_gmt":"2025-07-22T11:23:00","slug":"souverainete-numerique-face-a-trump","status":"publish","type":"post","link":"https:\/\/www.oodrive.com\/fr\/blog\/actualites\/transformation-numerique\/souverainete-numerique-face-a-trump\/","title":{"rendered":"Gr\u00e2ce \u00e0 Trump, l\u2019Europe reprend en main sa souverainet\u00e9 num\u00e9rique"},"content":{"rendered":"\n<p>83 % du march\u00e9 cloud europ\u00e9en est concentr\u00e9 entre les mains des hyperscalers am\u00e9ricains. Cette situation signifie tr\u00e8s concr\u00e8tement que les fournisseurs de cloud US et le gouvernement am\u00e9ricain ont un acc\u00e8s direct aux donn\u00e9es europ\u00e9ennes \u2013 y compris aux donn\u00e9es sensibles \u2013, et donc \u00e0 nos syst\u00e8mes vitaux, minist\u00e8res, industries de d\u00e9fense, h\u00f4pitaux, \u00e9tablissements scolaires, etc. <\/p>\n\n\n\n<p>La souverainet\u00e9 num\u00e9rique europ\u00e9enne se retrouve, de fait, entre les mains des principaux fournisseurs de cloud US et du gouvernement am\u00e9ricain via des dispositifs tels que le Cloud Act. Cette situation est particuli\u00e8rement risqu\u00e9e, \u00e0 la fois pour l\u2019autonomie industrielle, institutionnelle et strat\u00e9gique de l\u2019Europe, mais aussi pour la continuit\u00e9 de ses syst\u00e8mes vitaux et activit\u00e9s critiques.<\/p>\n\n\n\n<p>La configuration actuelle est exacerb\u00e9e par les agissements de Donald Trump, qui pourrait bien forcer l\u2019Europe \u00e0 s\u2019\u00e9manciper strat\u00e9giquement de la tutelle des \u00c9tats-Unis. Les pays europ\u00e9ens sont en train de mesurer le prix de leur d\u00e9pendance technologique. Se retrouvent-ils face \u00e0 une opportunit\u00e9 historique les incitant \u00e0 reprendre la main sur leur souverainet\u00e9 num\u00e9rique&nbsp;?<\/p>\n\n\n\n<h2 class=\"wp-block-heading\">L\u2019effet Trump, r\u00e9v\u00e9lateur et catalyseur des fragilit\u00e9s europ\u00e9ennes<\/h2>\n\n\n\n<p>Le retour de Donald Trump \u00e0 la Maison-Blanche agit comme un r\u00e9v\u00e9lateur et un acc\u00e9l\u00e9rateur des fragilit\u00e9s europ\u00e9ennes en mati\u00e8re de souverainet\u00e9 \u2013 qu\u2019elle soit militaire, diplomatique, \u00e9nerg\u00e9tique ou num\u00e9rique. De fait, l\u2019Union europ\u00e9enne s\u2019av\u00e8re d\u00e9pendante des \u00c9tats-Unis dans de nombreux domaines, qu\u2019il s\u2019agisse de la d\u00e9fense (OTAN, \u00e9quipements am\u00e9ricains), de l\u2019\u00e9nergie (avec le gaz naturel liqu\u00e9fi\u00e9 \u2013 GNL), du num\u00e9rique (cloud, cybers\u00e9curit\u00e9, r\u00e9seaux sociaux, etc.) ou encore de la diplomatie.<\/p>\n\n\n\n<p>Concernant le volet num\u00e9rique, le march\u00e9 fran\u00e7ais du cloud est largement domin\u00e9 par les g\u00e9ants am\u00e9ricains, 71&nbsp;% du march\u00e9 \u00e9tant d\u00e9tenu par Amazon, Microsoft et Google. En cas de crise internationale ou de prise de d\u00e9cision unilat\u00e9rale des \u00c9tats-Unis, les syst\u00e8mes vitaux fran\u00e7ais pourraient s\u00e9rieusement \u00eatre mis \u00e0 mal, ralentis, d\u00e9stabilis\u00e9s\u2026 voire mis \u00e0 l\u2019arr\u00eat. La ma\u00eetrise des technologies et des infrastructures strat\u00e9giques constitue un r\u00e9el enjeu de souverainet\u00e9. Et pour d\u00e9fendre ses int\u00e9r\u00eats et ses valeurs, l\u2019Europe doit reprendre la main sur ses donn\u00e9es.<\/p>\n\n\n\n<h2 class=\"wp-block-heading\">Repenser la souverainet\u00e9 num\u00e9rique europ\u00e9enne, une urgence<\/h2>\n\n\n\n<p>D\u2019un point de vue g\u00e9opolitique, notamment du fait de ses prises de position sur le conflit en Ukraine et sa guerre commerciale, le pr\u00e9sident Donald Trump a permis de r\u00e9veiller les pays europ\u00e9ens sur plusieurs th\u00e8mes cl\u00e9s. Le Vieux Continent a notamment pris conscience de la n\u00e9cessit\u00e9 d\u2019augmenter ses budgets de d\u00e9fense (la Pologne se projette par exemple vers les 4&nbsp;% de son PIB annuel), de revoir \u00e0 la hausse sa production d\u2019armements et de munitions, de prot\u00e9ger ses infrastructures critiques (\u00e9nerg\u00e9tiques, notamment), de revoir ses politiques industrielles au sujet des secteurs jug\u00e9s strat\u00e9giques pour son autonomie et sa s\u00e9curit\u00e9, etc.<\/p>\n\n\n\n<p>Sur le volet de la <a href=\"https:\/\/www.oodrive.com\/fr\/blog\/secnumcloud\/souverainete\/souverainete-numerique\/\">souverainet\u00e9 num\u00e9rique<\/a> et technologique, les pays europ\u00e9ens sont \u00e9galement r\u00e9solus \u00e0 reprendre davantage d\u2019autonomie. Ce souhait porte \u00e0 la fois sur le cloud (d\u2019apr\u00e8s le CIGREF, les pays europ\u00e9ens paieraient chaque ann\u00e9e 264 milliards d\u2019euros leur d\u00e9pendance aux fournisseurs US de cloud), la cybers\u00e9curit\u00e9, ou encore la protection des donn\u00e9es sensibles.<\/p>\n\n\n\n<p>Le r\u00e9veil europ\u00e9en en mati\u00e8re de num\u00e9rique n\u2019a d\u2019ailleurs pas attendu le second mandat de Donald Trump. Le projet GAIA-X, initiative franco-allemande visant \u00e0 cr\u00e9er une infrastructure de donn\u00e9es europ\u00e9enne, a \u00e9t\u00e9 lanc\u00e9 en 2020. Cependant, le contexte actuel oblige les \u00c9tats membres \u00e0 acc\u00e9l\u00e9rer sur un certain nombre de sujets. <\/p>\n\n\n\n<p>L\u2019European Chips Act, sign\u00e9 en mars 2025, marque par exemple la volont\u00e9 europ\u00e9enne de lancer une vague d\u2019investissements dans la fabrication de semi-conducteurs. En mai 2025, la France et l\u2019Allemagne ont \u00e9galement annonc\u00e9 leur souhait de renforcer la coop\u00e9ration num\u00e9rique franco-allemande.<\/p>\n\n\n\n<p class=\"has-blue-work-2-background-color has-background\">Le choc que constitue le retour au pouvoir de Donald Trump pourrait en r\u00e9alit\u00e9 s\u2019av\u00e9rer salutaire pour l\u2019Europe, l\u2019obligeant \u00e0 sortir de l\u2019illusion du \u00ab&nbsp;parapluie am\u00e9ricain \u00e9ternel&nbsp;\u00bb. Les pays europ\u00e9ens ont en effet d\u00e9j\u00e0 d\u00e9montr\u00e9, par exemple lors de la pand\u00e9mie de Covid-19 ou du d\u00e9clenchement du conflit en Ukraine, leur capacit\u00e9 \u00e0 progresser lorsqu\u2019ils sont confront\u00e9s \u00e0 des crises existentielles. Le second mandat de Donald Trump pourrait leur permettre de progresser comme ils l\u2019ont d\u00e9j\u00e0 fait lors des pr\u00e9c\u00e9dentes crises. Plus r\u00e9aliste, plus autonome et plus int\u00e9gr\u00e9e strat\u00e9giquement, l\u2019Europe en sortira grandie.<\/p>\n\n\n\n<h2 class=\"wp-block-heading\">La protection des donn\u00e9es sensibles, centrale dans la recherche de souverainet\u00e9 num\u00e9rique europ\u00e9enne<\/h2>\n\n\n\n<p>L&rsquo;extraterritorialit\u00e9 du droit am\u00e9ricain, illustr\u00e9e par le Patriot Act et le <a href=\"https:\/\/www.oodrive.com\/fr\/blog\/reglementation\/certification\/cloud-act-fisa-4mn-pour-comprendre-dou-vient-la-menace\/\">Cloud Act<\/a> (qui permettent aux autorit\u00e9s am\u00e9ricaines d&rsquo;acc\u00e9der aux donn\u00e9es h\u00e9berg\u00e9es par des prestataires am\u00e9ricains), constitue une menace directe \u00e0 la souverainet\u00e9 num\u00e9rique europ\u00e9enne. Reconqu\u00e9rir cette souverainet\u00e9 passe n\u00e9cessairement, pour les pays europ\u00e9ens, par une ma\u00eetrise de leurs donn\u00e9es les plus sensibles, qui doivent \u00eatre mises \u00e0 l\u2019abri de toute ing\u00e9rence.<\/p>\n\n\n\n<div class=\"wp-block-jet-engine-section jet-section wp-block-jet-engine-section jet-section--layout-fullwidth has-blue-work-2-background-color\"><div class=\"jet-section__content\">\n<p>En France, des figures comme Stanislas de R\u00e9mur, CEO et co-fondateur d\u2019Oodrive, incarnent cette volont\u00e9 de souverainet\u00e9 num\u00e9rique active. Membre du Comit\u00e9 Strat\u00e9gique de Fili\u00e8re \u00ab&nbsp;Logiciels et Solutions Num\u00e9rique de Confinace&nbsp;\u00bb, Stanislas de R\u00e9mur co-pilotera, avec Olivier Vallet, PDG de Docaposte, un groupe de travail portant sur les donn\u00e9es sensibles, dont la vocation est de&nbsp;:<\/p>\n\n\n\n<ul class=\"wp-block-list\">\n<li>D\u00e9finir la notion de \u00ab&nbsp;donn\u00e9e sensible&nbsp;\u00bb dans un cadre op\u00e9rationnel et partag\u00e9.<\/li>\n\n\n\n<li>Travailler en coordination avec les acteurs institutionnels (CESIN, CIGREF, CNIL, ANSSI, etc.).<\/li>\n\n\n\n<li>\u00c9tablir une m\u00e9thode commune pour la classification, la protection et la gouvernance de ces donn\u00e9es dans les usages num\u00e9riques fran\u00e7ais.<\/li>\n<\/ul>\n<\/div><\/div>\n\n\n\n<p>Il s\u2019agit l\u00e0 d\u2019une avanc\u00e9e concr\u00e8te pour la structuration d\u2019un \u00e9cosyst\u00e8me num\u00e9rique souverain dont la France serait le fer de lance.<\/p>\n\n\n\n<h2 class=\"wp-block-heading\">Souverainet\u00e9 num\u00e9rique europ\u00e9enne&nbsp;: transformer la prise de conscience en action<\/h2>\n\n\n\n<p>Les positions de Donald Trump remettent en question la souverainet\u00e9 europ\u00e9enne et exigent de l\u2019Europe une r\u00e9ponse forte et coordonn\u00e9e. Plut\u00f4t que de subir une pression croissante en mati\u00e8re de num\u00e9rique, l\u2019Union europ\u00e9enne a tout int\u00e9r\u00eat \u00e0 agir pour b\u00e2tir une Europe souveraine et r\u00e9siliente, affranchie d\u2019une situation qui la rendrait 100\u00a0% d\u00e9pendante aux acteurs am\u00e9ricains. L\u2019UE semble avoir pris la pleine conscience de ces enjeux. <\/p>\n\n\n\n<p>Des voix commencent \u00e0 s\u2019\u00e9lever pour promouvoir l\u2019\u00e9tablissement d\u2019une \u00ab\u00a0pr\u00e9f\u00e9rence europ\u00e9enne en mati\u00e8re de num\u00e9rique\u00a0\u00bb. En tant qu\u2019acteur majeur du <a href=\"https:\/\/www.oodrive.com\/fr\/secnumcloud\/cloud-de-confiance\/\">cloud de confiance<\/a> et de la <a href=\"https:\/\/www.oodrive.com\/fr\/blog\/securite\/securite-donnees\/securite-donnees-definition-enjeux\/\">s\u00e9curit\u00e9 des donn\u00e9es<\/a>, Oodrive soutient ces initiatives.<\/p>\n","protected":false},"excerpt":{"rendered":"<p>83 % du march\u00e9 cloud europ\u00e9en est concentr\u00e9 entre les mains des hyperscalers am\u00e9ricains. Cette situation signifie tr\u00e8s concr\u00e8tement que les fournisseurs de cloud US et le gouvernement am\u00e9ricain ont un acc\u00e8s direct aux donn\u00e9es europ\u00e9ennes \u2013 y compris aux donn\u00e9es sensibles \u2013, et donc \u00e0 nos syst\u00e8mes vitaux, minist\u00e8res, industries de d\u00e9fense, h\u00f4pitaux, \u00e9tablissements [&hellip;]<\/p>\n","protected":false},"author":20,"featured_media":8637180,"comment_status":"closed","ping_status":"closed","sticky":false,"template":"","format":"standard","meta":{"inline_featured_image":false,"footnotes":""},"categories":[1238],"class_list":["post-8636734","post","type-post","status-publish","format-standard","has-post-thumbnail","hentry","category-transformation-numerique"],"yoast_head":"<!-- This site is optimized with the Yoast SEO plugin v26.9 - https:\/\/yoast.com\/product\/yoast-seo-wordpress\/ -->\n<title>L\u2019Europe acc\u00e9l\u00e8re sur le sujet de la souverainet\u00e9 num\u00e9rique<\/title>\n<meta name=\"description\" content=\"Donald Trump bouscule l\u2019Europe, press\u00e9e de r\u00e9agir sur le sujet de la souverainet\u00e9 num\u00e9rique et de l\u2019autonomie technologique.\" \/>\n<meta name=\"robots\" content=\"index, follow, max-snippet:-1, max-image-preview:large, max-video-preview:-1\" \/>\n<meta property=\"og:locale\" content=\"fr_FR\" \/>\n<meta property=\"og:type\" content=\"article\" \/>\n<meta property=\"og:title\" content=\"L\u2019Europe acc\u00e9l\u00e8re sur le sujet de la souverainet\u00e9 num\u00e9rique\" \/>\n<meta property=\"og:description\" content=\"Donald Trump bouscule l\u2019Europe, press\u00e9e de r\u00e9agir sur le sujet de la souverainet\u00e9 num\u00e9rique et de l\u2019autonomie technologique.\" \/>\n<meta property=\"og:url\" content=\"https:\/\/www.oodrive.com\/fr\/blog\/actualites\/transformation-numerique\/souverainete-numerique-face-a-trump\/\" \/>\n<meta property=\"og:site_name\" content=\"Oodrive\" \/>\n<meta property=\"article:published_time\" content=\"2025-07-22T09:23:15+00:00\" \/>\n<meta property=\"article:modified_time\" content=\"2025-07-22T11:23:00+00:00\" \/>\n<meta property=\"og:image\" content=\"https:\/\/www.oodrive.com\/wp-content\/uploads\/2025\/07\/souverainete_numerique_face_a_trump.png\" \/>\n\t<meta property=\"og:image:width\" content=\"1372\" \/>\n\t<meta property=\"og:image:height\" content=\"512\" \/>\n\t<meta property=\"og:image:type\" content=\"image\/png\" \/>\n<meta name=\"author\" content=\"Maxime Geffray\" \/>\n<meta name=\"twitter:card\" content=\"summary_large_image\" \/>\n<meta name=\"twitter:label1\" content=\"\u00c9crit par\" \/>\n\t<meta name=\"twitter:data1\" content=\"Maxime Geffray\" \/>\n\t<meta name=\"twitter:label2\" content=\"Dur\u00e9e de lecture estim\u00e9e\" \/>\n\t<meta name=\"twitter:data2\" content=\"5 minutes\" \/>\n<script type=\"application\/ld+json\" class=\"yoast-schema-graph\">{\"@context\":\"https:\/\/schema.org\",\"@graph\":[{\"@type\":\"Article\",\"@id\":\"https:\/\/www.oodrive.com\/fr\/blog\/actualites\/transformation-numerique\/souverainete-numerique-face-a-trump\/#article\",\"isPartOf\":{\"@id\":\"https:\/\/www.oodrive.com\/fr\/blog\/actualites\/transformation-numerique\/souverainete-numerique-face-a-trump\/\"},\"author\":{\"name\":\"Maxime Geffray\",\"@id\":\"https:\/\/www.oodrive.com\/#\/schema\/person\/b02195df53ceaeed086a7494fc1aa6e3\"},\"headline\":\"Gr\u00e2ce \u00e0 Trump, l\u2019Europe reprend en main sa souverainet\u00e9 num\u00e9rique\",\"datePublished\":\"2025-07-22T09:23:15+00:00\",\"dateModified\":\"2025-07-22T11:23:00+00:00\",\"mainEntityOfPage\":{\"@id\":\"https:\/\/www.oodrive.com\/fr\/blog\/actualites\/transformation-numerique\/souverainete-numerique-face-a-trump\/\"},\"wordCount\":1200,\"publisher\":{\"@id\":\"https:\/\/www.oodrive.com\/#organization\"},\"image\":{\"@id\":\"https:\/\/www.oodrive.com\/fr\/blog\/actualites\/transformation-numerique\/souverainete-numerique-face-a-trump\/#primaryimage\"},\"thumbnailUrl\":\"https:\/\/www.oodrive.com\/wp-content\/uploads\/2025\/07\/souverainete_numerique_face_a_trump.png\",\"articleSection\":[\"Transformation num\u00e9rique\"],\"inLanguage\":\"fr-FR\"},{\"@type\":\"WebPage\",\"@id\":\"https:\/\/www.oodrive.com\/fr\/blog\/actualites\/transformation-numerique\/souverainete-numerique-face-a-trump\/\",\"url\":\"https:\/\/www.oodrive.com\/fr\/blog\/actualites\/transformation-numerique\/souverainete-numerique-face-a-trump\/\",\"name\":\"L\u2019Europe acc\u00e9l\u00e8re sur le sujet de la souverainet\u00e9 num\u00e9rique\",\"isPartOf\":{\"@id\":\"https:\/\/www.oodrive.com\/#website\"},\"primaryImageOfPage\":{\"@id\":\"https:\/\/www.oodrive.com\/fr\/blog\/actualites\/transformation-numerique\/souverainete-numerique-face-a-trump\/#primaryimage\"},\"image\":{\"@id\":\"https:\/\/www.oodrive.com\/fr\/blog\/actualites\/transformation-numerique\/souverainete-numerique-face-a-trump\/#primaryimage\"},\"thumbnailUrl\":\"https:\/\/www.oodrive.com\/wp-content\/uploads\/2025\/07\/souverainete_numerique_face_a_trump.png\",\"datePublished\":\"2025-07-22T09:23:15+00:00\",\"dateModified\":\"2025-07-22T11:23:00+00:00\",\"description\":\"Donald Trump bouscule l\u2019Europe, press\u00e9e de r\u00e9agir sur le sujet de la souverainet\u00e9 num\u00e9rique et de l\u2019autonomie technologique.\",\"breadcrumb\":{\"@id\":\"https:\/\/www.oodrive.com\/fr\/blog\/actualites\/transformation-numerique\/souverainete-numerique-face-a-trump\/#breadcrumb\"},\"inLanguage\":\"fr-FR\",\"potentialAction\":[{\"@type\":\"ReadAction\",\"target\":[\"https:\/\/www.oodrive.com\/fr\/blog\/actualites\/transformation-numerique\/souverainete-numerique-face-a-trump\/\"]}]},{\"@type\":\"ImageObject\",\"inLanguage\":\"fr-FR\",\"@id\":\"https:\/\/www.oodrive.com\/fr\/blog\/actualites\/transformation-numerique\/souverainete-numerique-face-a-trump\/#primaryimage\",\"url\":\"https:\/\/www.oodrive.com\/wp-content\/uploads\/2025\/07\/souverainete_numerique_face_a_trump.png\",\"contentUrl\":\"https:\/\/www.oodrive.com\/wp-content\/uploads\/2025\/07\/souverainete_numerique_face_a_trump.png\",\"width\":1372,\"height\":512,\"caption\":\"Souverainet\u00e9 num\u00e9rique europ\u00e9enne face \u00e0 l'administration Trump\"},{\"@type\":\"BreadcrumbList\",\"@id\":\"https:\/\/www.oodrive.com\/fr\/blog\/actualites\/transformation-numerique\/souverainete-numerique-face-a-trump\/#breadcrumb\",\"itemListElement\":[{\"@type\":\"ListItem\",\"position\":1,\"name\":\"Accueil\",\"item\":\"https:\/\/www.oodrive.com\/es\/\"},{\"@type\":\"ListItem\",\"position\":2,\"name\":\"Actu\",\"item\":\"https:\/\/www.oodrive.com\/fr\/blog\/category\/actualites\/\"},{\"@type\":\"ListItem\",\"position\":3,\"name\":\"Transformation num\u00e9rique\",\"item\":\"https:\/\/www.oodrive.com\/blog\/category\/actualites\/transformation-numerique\/\"},{\"@type\":\"ListItem\",\"position\":4,\"name\":\"Gr\u00e2ce \u00e0 Trump, l\u2019Europe reprend en main sa souverainet\u00e9 num\u00e9rique\"}]},{\"@type\":\"WebSite\",\"@id\":\"https:\/\/www.oodrive.com\/#website\",\"url\":\"https:\/\/www.oodrive.com\/\",\"name\":\"Oodrive\",\"description\":\"Plateforme souveraine et s\u00e9curis\u00e9e, Oodrive permet de g\u00e9rer vos donn\u00e9es sensibles : partage, signature, sauvegarde et plus encore.\",\"publisher\":{\"@id\":\"https:\/\/www.oodrive.com\/#organization\"},\"potentialAction\":[{\"@type\":\"SearchAction\",\"target\":{\"@type\":\"EntryPoint\",\"urlTemplate\":\"https:\/\/www.oodrive.com\/?s={search_term_string}\"},\"query-input\":{\"@type\":\"PropertyValueSpecification\",\"valueRequired\":true,\"valueName\":\"search_term_string\"}}],\"inLanguage\":\"fr-FR\"},{\"@type\":\"Organization\",\"@id\":\"https:\/\/www.oodrive.com\/#organization\",\"name\":\"Oodrive\",\"url\":\"https:\/\/www.oodrive.com\/\",\"logo\":{\"@type\":\"ImageObject\",\"inLanguage\":\"fr-FR\",\"@id\":\"https:\/\/www.oodrive.com\/#\/schema\/logo\/image\/\",\"url\":\"https:\/\/www.oodrive.com\/wp-content\/uploads\/2021\/12\/oodrive_black_logo.svg\",\"contentUrl\":\"https:\/\/www.oodrive.com\/wp-content\/uploads\/2021\/12\/oodrive_black_logo.svg\",\"width\":132,\"height\":27,\"caption\":\"Oodrive\"},\"image\":{\"@id\":\"https:\/\/www.oodrive.com\/#\/schema\/logo\/image\/\"}},{\"@type\":\"Person\",\"@id\":\"https:\/\/www.oodrive.com\/#\/schema\/person\/b02195df53ceaeed086a7494fc1aa6e3\",\"name\":\"Maxime Geffray\",\"image\":{\"@type\":\"ImageObject\",\"inLanguage\":\"fr-FR\",\"@id\":\"https:\/\/www.oodrive.com\/#\/schema\/person\/image\/\",\"url\":\"https:\/\/www.oodrive.com\/wp-content\/uploads\/2024\/07\/maxime-96x96.jpg\",\"contentUrl\":\"https:\/\/www.oodrive.com\/wp-content\/uploads\/2024\/07\/maxime-96x96.jpg\",\"caption\":\"Maxime Geffray\"},\"description\":\"Communication Manager at Oodrive\"}]}<\/script>\n<!-- \/ Yoast SEO plugin. -->","yoast_head_json":{"title":"L\u2019Europe acc\u00e9l\u00e8re sur le sujet de la souverainet\u00e9 num\u00e9rique","description":"Donald Trump bouscule l\u2019Europe, press\u00e9e de r\u00e9agir sur le sujet de la souverainet\u00e9 num\u00e9rique et de l\u2019autonomie technologique.","robots":{"index":"index","follow":"follow","max-snippet":"max-snippet:-1","max-image-preview":"max-image-preview:large","max-video-preview":"max-video-preview:-1"},"og_locale":"fr_FR","og_type":"article","og_title":"L\u2019Europe acc\u00e9l\u00e8re sur le sujet de la souverainet\u00e9 num\u00e9rique","og_description":"Donald Trump bouscule l\u2019Europe, press\u00e9e de r\u00e9agir sur le sujet de la souverainet\u00e9 num\u00e9rique et de l\u2019autonomie technologique.","og_url":"https:\/\/www.oodrive.com\/fr\/blog\/actualites\/transformation-numerique\/souverainete-numerique-face-a-trump\/","og_site_name":"Oodrive","article_published_time":"2025-07-22T09:23:15+00:00","article_modified_time":"2025-07-22T11:23:00+00:00","og_image":[{"width":1372,"height":512,"url":"https:\/\/www.oodrive.com\/wp-content\/uploads\/2025\/07\/souverainete_numerique_face_a_trump.png","type":"image\/png"}],"author":"Maxime Geffray","twitter_card":"summary_large_image","twitter_misc":{"\u00c9crit par":"Maxime Geffray","Dur\u00e9e de lecture estim\u00e9e":"5 minutes"},"schema":{"@context":"https:\/\/schema.org","@graph":[{"@type":"Article","@id":"https:\/\/www.oodrive.com\/fr\/blog\/actualites\/transformation-numerique\/souverainete-numerique-face-a-trump\/#article","isPartOf":{"@id":"https:\/\/www.oodrive.com\/fr\/blog\/actualites\/transformation-numerique\/souverainete-numerique-face-a-trump\/"},"author":{"name":"Maxime Geffray","@id":"https:\/\/www.oodrive.com\/#\/schema\/person\/b02195df53ceaeed086a7494fc1aa6e3"},"headline":"Gr\u00e2ce \u00e0 Trump, l\u2019Europe reprend en main sa souverainet\u00e9 num\u00e9rique","datePublished":"2025-07-22T09:23:15+00:00","dateModified":"2025-07-22T11:23:00+00:00","mainEntityOfPage":{"@id":"https:\/\/www.oodrive.com\/fr\/blog\/actualites\/transformation-numerique\/souverainete-numerique-face-a-trump\/"},"wordCount":1200,"publisher":{"@id":"https:\/\/www.oodrive.com\/#organization"},"image":{"@id":"https:\/\/www.oodrive.com\/fr\/blog\/actualites\/transformation-numerique\/souverainete-numerique-face-a-trump\/#primaryimage"},"thumbnailUrl":"https:\/\/www.oodrive.com\/wp-content\/uploads\/2025\/07\/souverainete_numerique_face_a_trump.png","articleSection":["Transformation num\u00e9rique"],"inLanguage":"fr-FR"},{"@type":"WebPage","@id":"https:\/\/www.oodrive.com\/fr\/blog\/actualites\/transformation-numerique\/souverainete-numerique-face-a-trump\/","url":"https:\/\/www.oodrive.com\/fr\/blog\/actualites\/transformation-numerique\/souverainete-numerique-face-a-trump\/","name":"L\u2019Europe acc\u00e9l\u00e8re sur le sujet de la souverainet\u00e9 num\u00e9rique","isPartOf":{"@id":"https:\/\/www.oodrive.com\/#website"},"primaryImageOfPage":{"@id":"https:\/\/www.oodrive.com\/fr\/blog\/actualites\/transformation-numerique\/souverainete-numerique-face-a-trump\/#primaryimage"},"image":{"@id":"https:\/\/www.oodrive.com\/fr\/blog\/actualites\/transformation-numerique\/souverainete-numerique-face-a-trump\/#primaryimage"},"thumbnailUrl":"https:\/\/www.oodrive.com\/wp-content\/uploads\/2025\/07\/souverainete_numerique_face_a_trump.png","datePublished":"2025-07-22T09:23:15+00:00","dateModified":"2025-07-22T11:23:00+00:00","description":"Donald Trump bouscule l\u2019Europe, press\u00e9e de r\u00e9agir sur le sujet de la souverainet\u00e9 num\u00e9rique et de l\u2019autonomie technologique.","breadcrumb":{"@id":"https:\/\/www.oodrive.com\/fr\/blog\/actualites\/transformation-numerique\/souverainete-numerique-face-a-trump\/#breadcrumb"},"inLanguage":"fr-FR","potentialAction":[{"@type":"ReadAction","target":["https:\/\/www.oodrive.com\/fr\/blog\/actualites\/transformation-numerique\/souverainete-numerique-face-a-trump\/"]}]},{"@type":"ImageObject","inLanguage":"fr-FR","@id":"https:\/\/www.oodrive.com\/fr\/blog\/actualites\/transformation-numerique\/souverainete-numerique-face-a-trump\/#primaryimage","url":"https:\/\/www.oodrive.com\/wp-content\/uploads\/2025\/07\/souverainete_numerique_face_a_trump.png","contentUrl":"https:\/\/www.oodrive.com\/wp-content\/uploads\/2025\/07\/souverainete_numerique_face_a_trump.png","width":1372,"height":512,"caption":"Souverainet\u00e9 num\u00e9rique europ\u00e9enne face \u00e0 l'administration Trump"},{"@type":"BreadcrumbList","@id":"https:\/\/www.oodrive.com\/fr\/blog\/actualites\/transformation-numerique\/souverainete-numerique-face-a-trump\/#breadcrumb","itemListElement":[{"@type":"ListItem","position":1,"name":"Accueil","item":"https:\/\/www.oodrive.com\/es\/"},{"@type":"ListItem","position":2,"name":"Actu","item":"https:\/\/www.oodrive.com\/fr\/blog\/category\/actualites\/"},{"@type":"ListItem","position":3,"name":"Transformation num\u00e9rique","item":"https:\/\/www.oodrive.com\/blog\/category\/actualites\/transformation-numerique\/"},{"@type":"ListItem","position":4,"name":"Gr\u00e2ce \u00e0 Trump, l\u2019Europe reprend en main sa souverainet\u00e9 num\u00e9rique"}]},{"@type":"WebSite","@id":"https:\/\/www.oodrive.com\/#website","url":"https:\/\/www.oodrive.com\/","name":"Oodrive","description":"Plateforme souveraine et s\u00e9curis\u00e9e, Oodrive permet de g\u00e9rer vos donn\u00e9es sensibles : partage, signature, sauvegarde et plus encore.","publisher":{"@id":"https:\/\/www.oodrive.com\/#organization"},"potentialAction":[{"@type":"SearchAction","target":{"@type":"EntryPoint","urlTemplate":"https:\/\/www.oodrive.com\/?s={search_term_string}"},"query-input":{"@type":"PropertyValueSpecification","valueRequired":true,"valueName":"search_term_string"}}],"inLanguage":"fr-FR"},{"@type":"Organization","@id":"https:\/\/www.oodrive.com\/#organization","name":"Oodrive","url":"https:\/\/www.oodrive.com\/","logo":{"@type":"ImageObject","inLanguage":"fr-FR","@id":"https:\/\/www.oodrive.com\/#\/schema\/logo\/image\/","url":"https:\/\/www.oodrive.com\/wp-content\/uploads\/2021\/12\/oodrive_black_logo.svg","contentUrl":"https:\/\/www.oodrive.com\/wp-content\/uploads\/2021\/12\/oodrive_black_logo.svg","width":132,"height":27,"caption":"Oodrive"},"image":{"@id":"https:\/\/www.oodrive.com\/#\/schema\/logo\/image\/"}},{"@type":"Person","@id":"https:\/\/www.oodrive.com\/#\/schema\/person\/b02195df53ceaeed086a7494fc1aa6e3","name":"Maxime Geffray","image":{"@type":"ImageObject","inLanguage":"fr-FR","@id":"https:\/\/www.oodrive.com\/#\/schema\/person\/image\/","url":"https:\/\/www.oodrive.com\/wp-content\/uploads\/2024\/07\/maxime-96x96.jpg","contentUrl":"https:\/\/www.oodrive.com\/wp-content\/uploads\/2024\/07\/maxime-96x96.jpg","caption":"Maxime Geffray"},"description":"Communication Manager at Oodrive"}]}},"_links":{"self":[{"href":"https:\/\/www.oodrive.com\/fr\/wp-json\/wp\/v2\/posts\/8636734","targetHints":{"allow":["GET"]}}],"collection":[{"href":"https:\/\/www.oodrive.com\/fr\/wp-json\/wp\/v2\/posts"}],"about":[{"href":"https:\/\/www.oodrive.com\/fr\/wp-json\/wp\/v2\/types\/post"}],"author":[{"embeddable":true,"href":"https:\/\/www.oodrive.com\/fr\/wp-json\/wp\/v2\/users\/20"}],"replies":[{"embeddable":true,"href":"https:\/\/www.oodrive.com\/fr\/wp-json\/wp\/v2\/comments?post=8636734"}],"version-history":[{"count":0,"href":"https:\/\/www.oodrive.com\/fr\/wp-json\/wp\/v2\/posts\/8636734\/revisions"}],"wp:featuredmedia":[{"embeddable":true,"href":"https:\/\/www.oodrive.com\/fr\/wp-json\/wp\/v2\/media\/8637180"}],"wp:attachment":[{"href":"https:\/\/www.oodrive.com\/fr\/wp-json\/wp\/v2\/media?parent=8636734"}],"wp:term":[{"taxonomy":"category","embeddable":true,"href":"https:\/\/www.oodrive.com\/fr\/wp-json\/wp\/v2\/categories?post=8636734"}],"curies":[{"name":"wp","href":"https:\/\/api.w.org\/{rel}","templated":true}]}}